{"id":776,"date":"2012-03-20T17:22:02","date_gmt":"2012-03-20T17:22:02","guid":{"rendered":"https:\/\/evolutt.com\/evolutt\/?p=776"},"modified":"2018-05-22T13:27:57","modified_gmt":"2018-05-22T13:27:57","slug":"presentacion-tecnica-de-tarragona-2018-en-mersin","status":"publish","type":"post","link":"https:\/\/evolutt.com\/evolutt\/presentacion-tecnica-de-tarragona-2018-en-mersin\/","title":{"rendered":"Presentaci\u00f3n t\u00e9cnica de Tarragona 2018 en Mers\u00edn"},"content":{"rendered":"<p>Desarrollo de la presentaci\u00f3n t\u00e9cnica para la nominaci\u00f3n de Tarragona como sede organizadora de los Juegos Mediterr\u00e1neos del 2017.<\/p>\n<p>Algunas im\u00e1genes del documento:<\/p>\n<p><a href=\"https:\/\/evolutt.com\/evolutt\/wp-content\/uploads\/2012\/03\/2017-mersinTODAS.jpg\"><img loading=\"lazy\" decoding=\"async\" class=\"aligncenter size-full wp-image-777\" title=\"2017-mersinTODAS\" src=\"https:\/\/evolutt.com\/evolutt\/wp-content\/uploads\/2012\/03\/2017-mersinTODAS.jpg\" alt=\"Tarragona 2017 Creado por Kico Uribe Evolutt Studio\" width=\"800\" height=\"1726\" srcset=\"https:\/\/evolutt.com\/evolutt\/wp-content\/uploads\/2012\/03\/2017-mersinTODAS.jpg 800w, https:\/\/evolutt.com\/evolutt\/wp-content\/uploads\/2012\/03\/2017-mersinTODAS-139x300.jpg 139w, https:\/\/evolutt.com\/evolutt\/wp-content\/uploads\/2012\/03\/2017-mersinTODAS-474x1024.jpg 474w\" sizes=\"auto, (max-width: 800px) 100vw, 800px\" \/><\/a><\/p>\n<p>Fotograf\u00edas de la asamblea en el momento que se hizo la presentaci\u00f3n.<\/p>\n<p><a href=\"https:\/\/evolutt.com\/evolutt\/wp-content\/uploads\/2012\/03\/2017-mersinfotos.jpg\"><img loading=\"lazy\" decoding=\"async\" class=\"aligncenter size-full wp-image-778\" title=\"2017-mersinfotos\" src=\"https:\/\/evolutt.com\/evolutt\/wp-content\/uploads\/2012\/03\/2017-mersinfotos.jpg\" alt=\"\" width=\"800\" height=\"298\" srcset=\"https:\/\/evolutt.com\/evolutt\/wp-content\/uploads\/2012\/03\/2017-mersinfotos.jpg 800w, https:\/\/evolutt.com\/evolutt\/wp-content\/uploads\/2012\/03\/2017-mersinfotos-300x111.jpg 300w\" sizes=\"auto, (max-width: 800px) 100vw, 800px\" \/><\/a><\/p>\n","protected":false},"excerpt":{"rendered":"<p>Desarrollo de la presentaci\u00f3n t\u00e9cnica para la nominaci\u00f3n de Tarragona como sede organizadora de los Juegos Mediterr\u00e1neos del 2017. Algunas im\u00e1genes del documento: Fotograf\u00edas de la asamblea en el momento que se hizo la presentaci\u00f3n.<\/p>\n","protected":false},"author":2,"featured_media":779,"comment_status":"open","ping_status":"open","sticky":false,"template":"","format":"standard","meta":{"_et_pb_use_builder":"","_et_pb_old_content":"","_et_gb_content_width":"","footnotes":""},"categories":[11,9,14],"tags":[],"class_list":["post-776","post","type-post","status-publish","format-standard","has-post-thumbnail","hentry","category-audiovisual-animacion-interactivo","category-deporte","category-institucional"],"_links":{"self":[{"href":"https:\/\/evolutt.com\/evolutt\/wp-json\/wp\/v2\/posts\/776","targetHints":{"allow":["GET"]}}],"collection":[{"href":"https:\/\/evolutt.com\/evolutt\/wp-json\/wp\/v2\/posts"}],"about":[{"href":"https:\/\/evolutt.com\/evolutt\/wp-json\/wp\/v2\/types\/post"}],"author":[{"embeddable":true,"href":"https:\/\/evolutt.com\/evolutt\/wp-json\/wp\/v2\/users\/2"}],"replies":[{"embeddable":true,"href":"https:\/\/evolutt.com\/evolutt\/wp-json\/wp\/v2\/comments?post=776"}],"version-history":[{"count":4,"href":"https:\/\/evolutt.com\/evolutt\/wp-json\/wp\/v2\/posts\/776\/revisions"}],"predecessor-version":[{"id":1424,"href":"https:\/\/evolutt.com\/evolutt\/wp-json\/wp\/v2\/posts\/776\/revisions\/1424"}],"wp:featuredmedia":[{"embeddable":true,"href":"https:\/\/evolutt.com\/evolutt\/wp-json\/wp\/v2\/media\/779"}],"wp:attachment":[{"href":"https:\/\/evolutt.com\/evolutt\/wp-json\/wp\/v2\/media?parent=776"}],"wp:term":[{"taxonomy":"category","embeddable":true,"href":"https:\/\/evolutt.com\/evolutt\/wp-json\/wp\/v2\/categories?post=776"},{"taxonomy":"post_tag","embeddable":true,"href":"https:\/\/evolutt.com\/evolutt\/wp-json\/wp\/v2\/tags?post=776"}],"curies":[{"name":"wp","href":"https:\/\/api.w.org\/{rel}","templated":true}]}}