{"id":276,"date":"2012-03-04T12:19:43","date_gmt":"2012-03-04T12:19:43","guid":{"rendered":"https:\/\/evolutt.com\/evolutt\/?p=276"},"modified":"2018-05-22T13:29:03","modified_gmt":"2018-05-22T13:29:03","slug":"revista-para-tarragona-2018","status":"publish","type":"post","link":"https:\/\/evolutt.com\/evolutt\/revista-para-tarragona-2018\/","title":{"rendered":"Revista para Tarragona 2018"},"content":{"rendered":"<p><a href=\"https:\/\/evolutt.com\/evolutt\/wp-content\/uploads\/2012\/03\/2017-revistaG.jpg\"><img loading=\"lazy\" decoding=\"async\" class=\"aligncenter size-full wp-image-279\" title=\"2017-revista-Kico F. Uribe-Evolutt Studio\" src=\"https:\/\/evolutt.com\/evolutt\/wp-content\/uploads\/2012\/03\/2017-revistaG.jpg\" alt=\"Revista dise\u00f1ada por Kico F. Uribe para la Candidatura de Tarragona 2017\" width=\"800\" height=\"350\" srcset=\"https:\/\/evolutt.com\/evolutt\/wp-content\/uploads\/2012\/03\/2017-revistaG.jpg 800w, https:\/\/evolutt.com\/evolutt\/wp-content\/uploads\/2012\/03\/2017-revistaG-300x131.jpg 300w\" sizes=\"auto, (max-width: 800px) 100vw, 800px\" \/><\/a><\/p>\n<p>Conceptualizaci\u00f3n, dise\u00f1o y maquetaci\u00f3n de la revista creada para los Comit\u00e9s Ol\u00edmpicos Internacionales.<\/p>\n<p><strong>Algunas p\u00e1ginas de la revista:<\/strong><\/p>\n<p><a href=\"https:\/\/evolutt.com\/evolutt\/wp-content\/uploads\/2012\/03\/2017-revista1.jpg\"><img loading=\"lazy\" decoding=\"async\" class=\"aligncenter size-full wp-image-277\" title=\"2017-revista-Kico F. Uribe\" src=\"https:\/\/evolutt.com\/evolutt\/wp-content\/uploads\/2012\/03\/2017-revista1.jpg\" alt=\"Revista dise\u00f1ada por Kico F. Uribe para la Candidatura de Tarragona 2017\" width=\"800\" height=\"1620\" srcset=\"https:\/\/evolutt.com\/evolutt\/wp-content\/uploads\/2012\/03\/2017-revista1.jpg 800w, https:\/\/evolutt.com\/evolutt\/wp-content\/uploads\/2012\/03\/2017-revista1-148x300.jpg 148w, https:\/\/evolutt.com\/evolutt\/wp-content\/uploads\/2012\/03\/2017-revista1-505x1024.jpg 505w\" sizes=\"auto, (max-width: 800px) 100vw, 800px\" \/><\/a><\/p>\n<p><a href=\"https:\/\/evolutt.com\/evolutt\/wp-content\/uploads\/2012\/03\/2017-revista2.jpg\"><img loading=\"lazy\" decoding=\"async\" class=\"aligncenter size-full wp-image-278\" title=\"2017-revista\" src=\"https:\/\/evolutt.com\/evolutt\/wp-content\/uploads\/2012\/03\/2017-revista2.jpg\" alt=\"Revista dise\u00f1ada por Kico F. Uribe para la Candidatura de Tarragona 2017\" width=\"800\" height=\"1617\" srcset=\"https:\/\/evolutt.com\/evolutt\/wp-content\/uploads\/2012\/03\/2017-revista2.jpg 800w, https:\/\/evolutt.com\/evolutt\/wp-content\/uploads\/2012\/03\/2017-revista2-148x300.jpg 148w, https:\/\/evolutt.com\/evolutt\/wp-content\/uploads\/2012\/03\/2017-revista2-506x1024.jpg 506w\" sizes=\"auto, (max-width: 800px) 100vw, 800px\" \/><\/a><\/p>\n<p><strong>Kico F. Uribe ( Evolutt Studio ):<\/strong> Creativo de contenidos, desarrollador para los diferentes medios.<\/p>\n","protected":false},"excerpt":{"rendered":"<p>Conceptualizaci\u00f3n, dise\u00f1o y maquetaci\u00f3n de la revista creada para los Comit\u00e9s Ol\u00edmpicos Internacionales. Algunas p\u00e1ginas de la revista: Kico F. Uribe ( Evolutt Studio ): Creativo de contenidos, desarrollador para los diferentes medios.<\/p>\n","protected":false},"author":2,"featured_media":279,"comment_status":"open","ping_status":"open","sticky":false,"template":"","format":"standard","meta":{"_et_pb_use_builder":"","_et_pb_old_content":"","_et_gb_content_width":"","footnotes":""},"categories":[9,15],"tags":[],"class_list":["post-276","post","type-post","status-publish","format-standard","has-post-thumbnail","hentry","category-deporte","category-diseno-grafico-publicidad-ilustracion"],"_links":{"self":[{"href":"https:\/\/evolutt.com\/evolutt\/wp-json\/wp\/v2\/posts\/276","targetHints":{"allow":["GET"]}}],"collection":[{"href":"https:\/\/evolutt.com\/evolutt\/wp-json\/wp\/v2\/posts"}],"about":[{"href":"https:\/\/evolutt.com\/evolutt\/wp-json\/wp\/v2\/types\/post"}],"author":[{"embeddable":true,"href":"https:\/\/evolutt.com\/evolutt\/wp-json\/wp\/v2\/users\/2"}],"replies":[{"embeddable":true,"href":"https:\/\/evolutt.com\/evolutt\/wp-json\/wp\/v2\/comments?post=276"}],"version-history":[{"count":8,"href":"https:\/\/evolutt.com\/evolutt\/wp-json\/wp\/v2\/posts\/276\/revisions"}],"predecessor-version":[{"id":1433,"href":"https:\/\/evolutt.com\/evolutt\/wp-json\/wp\/v2\/posts\/276\/revisions\/1433"}],"wp:featuredmedia":[{"embeddable":true,"href":"https:\/\/evolutt.com\/evolutt\/wp-json\/wp\/v2\/media\/279"}],"wp:attachment":[{"href":"https:\/\/evolutt.com\/evolutt\/wp-json\/wp\/v2\/media?parent=276"}],"wp:term":[{"taxonomy":"category","embeddable":true,"href":"https:\/\/evolutt.com\/evolutt\/wp-json\/wp\/v2\/categories?post=276"},{"taxonomy":"post_tag","embeddable":true,"href":"https:\/\/evolutt.com\/evolutt\/wp-json\/wp\/v2\/tags?post=276"}],"curies":[{"name":"wp","href":"https:\/\/api.w.org\/{rel}","templated":true}]}}