{"id":241,"date":"2012-01-29T19:14:33","date_gmt":"2012-01-29T19:14:33","guid":{"rendered":"https:\/\/evolutt.com\/evolutt\/?p=241"},"modified":"2018-06-25T06:25:50","modified_gmt":"2018-06-25T06:25:50","slug":"logotipo-tarragona-2018","status":"publish","type":"post","link":"https:\/\/evolutt.com\/evolutt\/logotipo-tarragona-2018\/","title":{"rendered":"Creaci\u00f3n del logotipo Tarragona 2018 Juegos Mediterr\u00e1neos"},"content":{"rendered":"<p><img loading=\"lazy\" decoding=\"async\" class=\"aligncenter size-full wp-image-1441\" src=\"https:\/\/evolutt.com\/evolutt\/wp-content\/uploads\/2018\/05\/logo-tarragona-2018-Kico-Uribe-Evolutt-Studio.jpg\" alt=\"logo tarragona 2018 Kico Uribe Evolutt Studio\" width=\"1920\" height=\"1080\" srcset=\"https:\/\/evolutt.com\/evolutt\/wp-content\/uploads\/2018\/05\/logo-tarragona-2018-Kico-Uribe-Evolutt-Studio.jpg 1920w, https:\/\/evolutt.com\/evolutt\/wp-content\/uploads\/2018\/05\/logo-tarragona-2018-Kico-Uribe-Evolutt-Studio-300x169.jpg 300w, https:\/\/evolutt.com\/evolutt\/wp-content\/uploads\/2018\/05\/logo-tarragona-2018-Kico-Uribe-Evolutt-Studio-768x432.jpg 768w, https:\/\/evolutt.com\/evolutt\/wp-content\/uploads\/2018\/05\/logo-tarragona-2018-Kico-Uribe-Evolutt-Studio-1024x576.jpg 1024w, https:\/\/evolutt.com\/evolutt\/wp-content\/uploads\/2018\/05\/logo-tarragona-2018-Kico-Uribe-Evolutt-Studio-1080x608.jpg 1080w\" sizes=\"auto, (max-width: 1920px) 100vw, 1920px\" \/>Logo creado por Kico F. Uribe para los XVIII Juegos Mediterr\u00e1neos.<\/p>\n<h1><strong>Evoluci\u00f3n gr\u00e1fica<\/strong><\/h1>\n<p><a href=\"https:\/\/evolutt.com\/evolutt\/wp-content\/uploads\/2012\/02\/2017logo1.jpg\"><img loading=\"lazy\" decoding=\"async\" class=\"aligncenter wp-image-242 size-full\" title=\"Logotipo Tarragona 2017 creado por Kico F. Uribe de Evolutt Studio\" src=\"https:\/\/evolutt.com\/evolutt\/wp-content\/uploads\/2012\/02\/2017logo1.jpg\" alt=\"Logotipo Tarragona 2018 creado por Kico F. Uribe de Evolutt Studio\" width=\"800\" height=\"505\" srcset=\"https:\/\/evolutt.com\/evolutt\/wp-content\/uploads\/2012\/02\/2017logo1.jpg 800w, https:\/\/evolutt.com\/evolutt\/wp-content\/uploads\/2012\/02\/2017logo1-300x189.jpg 300w\" sizes=\"auto, (max-width: 800px) 100vw, 800px\" \/><\/a><\/p>\n<p>Logotipo despu\u00e9s de la elecci\u00f3n de Tarragona como sede organizadora de los Juegos Mediterr\u00e1neos del 2017.<\/p>\n<p><a href=\"https:\/\/evolutt.com\/evolutt\/wp-content\/uploads\/2012\/02\/2017logo2.jpg\"><img loading=\"lazy\" decoding=\"async\" class=\"aligncenter wp-image-243 size-full\" title=\"Logotipo Tarragona 2017 creado por Kico F. Uribe de Evolutt Studio\" src=\"https:\/\/evolutt.com\/evolutt\/wp-content\/uploads\/2012\/02\/2017logo2.jpg\" alt=\"Logotipo Tarragona 2018 creado por Kico F. Uribe de Evolutt Studio\" width=\"800\" height=\"285\" srcset=\"https:\/\/evolutt.com\/evolutt\/wp-content\/uploads\/2012\/02\/2017logo2.jpg 800w, https:\/\/evolutt.com\/evolutt\/wp-content\/uploads\/2012\/02\/2017logo2-300x106.jpg 300w\" sizes=\"auto, (max-width: 800px) 100vw, 800px\" \/><\/a><\/p>\n<p>Logotipos de la Candidatura despu\u00e9s de la elecci\u00f3n de Tarragona como ciudad representante de Espa\u00f1a por parte del COE.<\/p>\n<p><a href=\"https:\/\/evolutt.com\/evolutt\/wp-content\/uploads\/2012\/02\/2017logo3.jpg\"><img loading=\"lazy\" decoding=\"async\" class=\"aligncenter size-full wp-image-244\" title=\"Logotipo Tarragona 2017 creado por Kico F. Uribe de Evolutt Studio\" src=\"https:\/\/evolutt.com\/evolutt\/wp-content\/uploads\/2012\/02\/2017logo3.jpg\" alt=\"Logotipo Tarragona 2017 creado por Kico F. Uribe de Evolutt Studio\" width=\"800\" height=\"505\" srcset=\"https:\/\/evolutt.com\/evolutt\/wp-content\/uploads\/2012\/02\/2017logo3.jpg 800w, https:\/\/evolutt.com\/evolutt\/wp-content\/uploads\/2012\/02\/2017logo3-300x189.jpg 300w\" sizes=\"auto, (max-width: 800px) 100vw, 800px\" \/><\/a><\/p>\n<p>Logotipo inicial de la Candidatura antes de ser nominada por el COE.<\/p>\n<h1><strong>Imagen corporativa, web, dosier y material gr\u00e1fico promocional<\/strong><\/h1>\n<p>Adem\u00e1s del logotipo, Evolutt Studio se\u00a0encarg\u00f3 de\u00a0la imagen corporativa de los juegos, el dise\u00f1o del dosier presentado al Comit\u00e9 Internacional de los Juegos, el dise\u00f1o del material gr\u00e1fico promocional,\u00a0la web, algunas de las piezas audiovisuales y animaciones utilizadas por la Candidatura:<\/p>\n<p><img loading=\"lazy\" decoding=\"async\" class=\"aligncenter size-full wp-image-304\" src=\"https:\/\/evolutt.com\/evolutt\/wp-content\/uploads\/2012\/03\/2017-WEB-2.jpg\" alt=\"Web site desarrollado por Evolutt Studio\" width=\"800\" height=\"808\" srcset=\"https:\/\/evolutt.com\/evolutt\/wp-content\/uploads\/2012\/03\/2017-WEB-2.jpg 800w, https:\/\/evolutt.com\/evolutt\/wp-content\/uploads\/2012\/03\/2017-WEB-2-297x300.jpg 297w\" sizes=\"auto, (max-width: 800px) 100vw, 800px\" \/><\/p>\n<p><img loading=\"lazy\" decoding=\"async\" class=\"aligncenter size-full wp-image-277\" src=\"https:\/\/evolutt.com\/evolutt\/wp-content\/uploads\/2012\/03\/2017-revista1.jpg\" alt=\"Revista dise\u00f1ada por Kico F. Uribe para la Candidatura de Tarragona 2017\" width=\"800\" height=\"1620\" srcset=\"https:\/\/evolutt.com\/evolutt\/wp-content\/uploads\/2012\/03\/2017-revista1.jpg 800w, https:\/\/evolutt.com\/evolutt\/wp-content\/uploads\/2012\/03\/2017-revista1-148x300.jpg 148w, https:\/\/evolutt.com\/evolutt\/wp-content\/uploads\/2012\/03\/2017-revista1-505x1024.jpg 505w\" sizes=\"auto, (max-width: 800px) 100vw, 800px\" \/> <img loading=\"lazy\" decoding=\"async\" class=\"aligncenter size-full wp-image-278\" src=\"https:\/\/evolutt.com\/evolutt\/wp-content\/uploads\/2012\/03\/2017-revista2.jpg\" alt=\"Revista dise\u00f1ada por Kico F. Uribe para la Candidatura de Tarragona 2017\" width=\"800\" height=\"1617\" srcset=\"https:\/\/evolutt.com\/evolutt\/wp-content\/uploads\/2012\/03\/2017-revista2.jpg 800w, https:\/\/evolutt.com\/evolutt\/wp-content\/uploads\/2012\/03\/2017-revista2-148x300.jpg 148w, https:\/\/evolutt.com\/evolutt\/wp-content\/uploads\/2012\/03\/2017-revista2-506x1024.jpg 506w\" sizes=\"auto, (max-width: 800px) 100vw, 800px\" \/><\/p>\n<p><img loading=\"lazy\" decoding=\"async\" class=\"aligncenter size-full wp-image-298\" src=\"https:\/\/evolutt.com\/evolutt\/wp-content\/uploads\/2012\/03\/2017-tablet.jpg\" alt=\"App interactiva Tarragona 2017 realizada por Kico F. Uribe de Evolutt Studio\" width=\"800\" height=\"1201\" srcset=\"https:\/\/evolutt.com\/evolutt\/wp-content\/uploads\/2012\/03\/2017-tablet.jpg 800w, https:\/\/evolutt.com\/evolutt\/wp-content\/uploads\/2012\/03\/2017-tablet-199x300.jpg 199w, https:\/\/evolutt.com\/evolutt\/wp-content\/uploads\/2012\/03\/2017-tablet-682x1024.jpg 682w\" sizes=\"auto, (max-width: 800px) 100vw, 800px\" \/><\/p>\n<p><img loading=\"lazy\" decoding=\"async\" class=\"aligncenter size-full wp-image-269\" src=\"https:\/\/evolutt.com\/evolutt\/wp-content\/uploads\/2012\/03\/2017-dossier1.jpg\" alt=\"Dise\u00f1o del Dossier de Candidatura realizado por Kico Uribe de Evolutt Studio para Tarragona 2017\" width=\"800\" height=\"1109\" srcset=\"https:\/\/evolutt.com\/evolutt\/wp-content\/uploads\/2012\/03\/2017-dossier1.jpg 800w, https:\/\/evolutt.com\/evolutt\/wp-content\/uploads\/2012\/03\/2017-dossier1-216x300.jpg 216w, https:\/\/evolutt.com\/evolutt\/wp-content\/uploads\/2012\/03\/2017-dossier1-738x1024.jpg 738w\" sizes=\"auto, (max-width: 800px) 100vw, 800px\" \/><img loading=\"lazy\" decoding=\"async\" class=\"aligncenter size-full wp-image-270\" src=\"https:\/\/evolutt.com\/evolutt\/wp-content\/uploads\/2012\/03\/2017-dossier2.jpg\" alt=\"Ilustraciones para el Dossier de Candidatura realizado por Kico Uribe de Evolutt Studio para Tarragona 2017\" width=\"800\" height=\"1697\" srcset=\"https:\/\/evolutt.com\/evolutt\/wp-content\/uploads\/2012\/03\/2017-dossier2.jpg 800w, https:\/\/evolutt.com\/evolutt\/wp-content\/uploads\/2012\/03\/2017-dossier2-141x300.jpg 141w\" sizes=\"auto, (max-width: 800px) 100vw, 800px\" \/><\/p>\n<p><img loading=\"lazy\" decoding=\"async\" class=\"aligncenter size-full wp-image-291\" src=\"https:\/\/evolutt.com\/evolutt\/wp-content\/uploads\/2012\/03\/2017-publicidad2.jpg\" alt=\"Gr\u00e1ficas creadas por Kico F. Uribe de Evolutt Studio para Tarragona 2017\" width=\"800\" height=\"1331\" srcset=\"https:\/\/evolutt.com\/evolutt\/wp-content\/uploads\/2012\/03\/2017-publicidad2.jpg 800w, https:\/\/evolutt.com\/evolutt\/wp-content\/uploads\/2012\/03\/2017-publicidad2-180x300.jpg 180w, https:\/\/evolutt.com\/evolutt\/wp-content\/uploads\/2012\/03\/2017-publicidad2-615x1024.jpg 615w\" sizes=\"auto, (max-width: 800px) 100vw, 800px\" \/><\/p>\n<p><img loading=\"lazy\" decoding=\"async\" class=\"aligncenter size-full wp-image-261\" src=\"https:\/\/evolutt.com\/evolutt\/wp-content\/uploads\/2012\/02\/2017-amphoraCapitulos.jpg\" alt=\"Portadas de cap\u00edtulos de la serie de dibujos animados de Kico F. Uribe ( Evolutt Studio )\" width=\"800\" height=\"363\" srcset=\"https:\/\/evolutt.com\/evolutt\/wp-content\/uploads\/2012\/02\/2017-amphoraCapitulos.jpg 800w, https:\/\/evolutt.com\/evolutt\/wp-content\/uploads\/2012\/02\/2017-amphoraCapitulos-300x136.jpg 300w\" sizes=\"auto, (max-width: 800px) 100vw, 800px\" \/><\/p>\n<p><img loading=\"lazy\" decoding=\"async\" class=\"aligncenter size-full wp-image-263\" src=\"https:\/\/evolutt.com\/evolutt\/wp-content\/uploads\/2012\/02\/2017-amphora-fotogramas.jpg\" alt=\"Fotogramas de la serie de dibujos animados Amphora 2017 dibujada por Kico F. Uribe de Evolutt Studio\" width=\"800\" height=\"226\" srcset=\"https:\/\/evolutt.com\/evolutt\/wp-content\/uploads\/2012\/02\/2017-amphora-fotogramas.jpg 800w, https:\/\/evolutt.com\/evolutt\/wp-content\/uploads\/2012\/02\/2017-amphora-fotogramas-300x84.jpg 300w\" sizes=\"auto, (max-width: 800px) 100vw, 800px\" \/><\/p>\n<p><img loading=\"lazy\" decoding=\"async\" class=\"aligncenter size-full wp-image-777\" src=\"https:\/\/evolutt.com\/evolutt\/wp-content\/uploads\/2012\/03\/2017-mersinTODAS.jpg\" alt=\"Tarragona 2017 Creado por Kico Uribe Evolutt Studio\" width=\"800\" height=\"1726\" srcset=\"https:\/\/evolutt.com\/evolutt\/wp-content\/uploads\/2012\/03\/2017-mersinTODAS.jpg 800w, https:\/\/evolutt.com\/evolutt\/wp-content\/uploads\/2012\/03\/2017-mersinTODAS-139x300.jpg 139w, https:\/\/evolutt.com\/evolutt\/wp-content\/uploads\/2012\/03\/2017-mersinTODAS-474x1024.jpg 474w\" sizes=\"auto, (max-width: 800px) 100vw, 800px\" \/><\/p>\n","protected":false},"excerpt":{"rendered":"<p>Logo creado por Kico F. Uribe para los XVIII Juegos Mediterr\u00e1neos. Evoluci\u00f3n gr\u00e1fica Logotipo despu\u00e9s de la elecci\u00f3n de Tarragona como sede organizadora de los Juegos Mediterr\u00e1neos del 2017. Logotipos de la Candidatura despu\u00e9s de la elecci\u00f3n de Tarragona como ciudad representante de Espa\u00f1a por parte del COE. Logotipo inicial de la Candidatura antes de [&hellip;]<\/p>\n","protected":false},"author":2,"featured_media":245,"comment_status":"open","ping_status":"open","sticky":false,"template":"","format":"standard","meta":{"_et_pb_use_builder":"","_et_pb_old_content":"","_et_gb_content_width":"","footnotes":""},"categories":[9,5],"tags":[28],"class_list":["post-241","post","type-post","status-publish","format-standard","has-post-thumbnail","hentry","category-deporte","category-diseno-corporativo-indentidad-visual","tag-kico-f-uribe-creador-del-logo-tarragona-2018"],"_links":{"self":[{"href":"https:\/\/evolutt.com\/evolutt\/wp-json\/wp\/v2\/posts\/241","targetHints":{"allow":["GET"]}}],"collection":[{"href":"https:\/\/evolutt.com\/evolutt\/wp-json\/wp\/v2\/posts"}],"about":[{"href":"https:\/\/evolutt.com\/evolutt\/wp-json\/wp\/v2\/types\/post"}],"author":[{"embeddable":true,"href":"https:\/\/evolutt.com\/evolutt\/wp-json\/wp\/v2\/users\/2"}],"replies":[{"embeddable":true,"href":"https:\/\/evolutt.com\/evolutt\/wp-json\/wp\/v2\/comments?post=241"}],"version-history":[{"count":13,"href":"https:\/\/evolutt.com\/evolutt\/wp-json\/wp\/v2\/posts\/241\/revisions"}],"predecessor-version":[{"id":1460,"href":"https:\/\/evolutt.com\/evolutt\/wp-json\/wp\/v2\/posts\/241\/revisions\/1460"}],"wp:featuredmedia":[{"embeddable":true,"href":"https:\/\/evolutt.com\/evolutt\/wp-json\/wp\/v2\/media\/245"}],"wp:attachment":[{"href":"https:\/\/evolutt.com\/evolutt\/wp-json\/wp\/v2\/media?parent=241"}],"wp:term":[{"taxonomy":"category","embeddable":true,"href":"https:\/\/evolutt.com\/evolutt\/wp-json\/wp\/v2\/categories?post=241"},{"taxonomy":"post_tag","embeddable":true,"href":"https:\/\/evolutt.com\/evolutt\/wp-json\/wp\/v2\/tags?post=241"}],"curies":[{"name":"wp","href":"https:\/\/api.w.org\/{rel}","templated":true}]}}