{"id":173,"date":"2012-01-27T17:38:20","date_gmt":"2012-01-27T17:38:20","guid":{"rendered":"https:\/\/evolutt.com\/evolutt\/?p=173"},"modified":"2012-03-09T10:11:50","modified_gmt":"2012-03-09T10:11:50","slug":"campana-el-nou-hospital-tant-a-prop-com-sempre","status":"publish","type":"post","link":"https:\/\/evolutt.com\/evolutt\/campana-el-nou-hospital-tant-a-prop-com-sempre\/","title":{"rendered":"Campa\u00f1a \u00abEl Nou Hospital tant a prop com sempre\u00bb"},"content":{"rendered":"<p><a href=\"https:\/\/evolutt.com\/evolutt\/wp-content\/uploads\/2012\/01\/RT-nouHospital-G.jpg\"><img loading=\"lazy\" decoding=\"async\" class=\"alignnone size-full wp-image-175\" title=\"Ilustraci\u00f3n de Kico F. Uribe de Evolutt Studio para Reus Transport\" src=\"https:\/\/evolutt.com\/evolutt\/wp-content\/uploads\/2012\/01\/RT-nouHospital-G.jpg\" alt=\"Ilustraci\u00f3n de Kico F. Uribe de Evolutt Studio para Reus Transport\" width=\"800\" height=\"411\" srcset=\"https:\/\/evolutt.com\/evolutt\/wp-content\/uploads\/2012\/01\/RT-nouHospital-G.jpg 800w, https:\/\/evolutt.com\/evolutt\/wp-content\/uploads\/2012\/01\/RT-nouHospital-G-300x154.jpg 300w\" sizes=\"auto, (max-width: 800px) 100vw, 800px\" \/><\/a><\/p>\n<p>Campa\u00f1a de informaci\u00f3n ciudadana de las nueva l\u00edneas y horarios disponibles para el nuevo Hospital de Reus.<\/p>\n<p><a href=\"https:\/\/evolutt.com\/evolutt\/wp-content\/uploads\/2012\/01\/RT-nouHospital.jpg\"><img loading=\"lazy\" decoding=\"async\" class=\"alignnone size-full wp-image-174\" title=\"Ilustraci\u00f3n de Kico F. Uribe de Evolutt Studio para Reus Transport\" src=\"https:\/\/evolutt.com\/evolutt\/wp-content\/uploads\/2012\/01\/RT-nouHospital.jpg\" alt=\"Ilustraci\u00f3n de Kico F. Uribe de Evolutt Studio para Reus Transport\" width=\"800\" height=\"1200\" srcset=\"https:\/\/evolutt.com\/evolutt\/wp-content\/uploads\/2012\/01\/RT-nouHospital.jpg 800w, https:\/\/evolutt.com\/evolutt\/wp-content\/uploads\/2012\/01\/RT-nouHospital-200x300.jpg 200w, https:\/\/evolutt.com\/evolutt\/wp-content\/uploads\/2012\/01\/RT-nouHospital-682x1024.jpg 682w\" sizes=\"auto, (max-width: 800px) 100vw, 800px\" \/><\/a><\/p>\n","protected":false},"excerpt":{"rendered":"<p>Campa\u00f1a de informaci\u00f3n ciudadana de las nueva l\u00edneas y horarios disponibles para el nuevo Hospital de Reus.<\/p>\n","protected":false},"author":2,"featured_media":0,"comment_status":"open","ping_status":"open","sticky":false,"template":"","format":"standard","meta":{"_et_pb_use_builder":"","_et_pb_old_content":"","_et_gb_content_width":"","footnotes":""},"categories":[15,14],"tags":[],"class_list":["post-173","post","type-post","status-publish","format-standard","hentry","category-diseno-grafico-publicidad-ilustracion","category-institucional"],"_links":{"self":[{"href":"https:\/\/evolutt.com\/evolutt\/wp-json\/wp\/v2\/posts\/173","targetHints":{"allow":["GET"]}}],"collection":[{"href":"https:\/\/evolutt.com\/evolutt\/wp-json\/wp\/v2\/posts"}],"about":[{"href":"https:\/\/evolutt.com\/evolutt\/wp-json\/wp\/v2\/types\/post"}],"author":[{"embeddable":true,"href":"https:\/\/evolutt.com\/evolutt\/wp-json\/wp\/v2\/users\/2"}],"replies":[{"embeddable":true,"href":"https:\/\/evolutt.com\/evolutt\/wp-json\/wp\/v2\/comments?post=173"}],"version-history":[{"count":4,"href":"https:\/\/evolutt.com\/evolutt\/wp-json\/wp\/v2\/posts\/173\/revisions"}],"predecessor-version":[{"id":366,"href":"https:\/\/evolutt.com\/evolutt\/wp-json\/wp\/v2\/posts\/173\/revisions\/366"}],"wp:attachment":[{"href":"https:\/\/evolutt.com\/evolutt\/wp-json\/wp\/v2\/media?parent=173"}],"wp:term":[{"taxonomy":"category","embeddable":true,"href":"https:\/\/evolutt.com\/evolutt\/wp-json\/wp\/v2\/categories?post=173"},{"taxonomy":"post_tag","embeddable":true,"href":"https:\/\/evolutt.com\/evolutt\/wp-json\/wp\/v2\/tags?post=173"}],"curies":[{"name":"wp","href":"https:\/\/api.w.org\/{rel}","templated":true}]}}