{"id":147,"date":"2012-03-20T19:35:15","date_gmt":"2012-03-20T19:35:15","guid":{"rendered":"https:\/\/evolutt.com\/evolutt\/?p=147"},"modified":"2014-11-23T11:34:27","modified_gmt":"2014-11-23T11:34:27","slug":"guia-del-transporte-publico-de-reus-2","status":"publish","type":"post","link":"https:\/\/evolutt.com\/evolutt\/guia-del-transporte-publico-de-reus-2\/","title":{"rendered":"Gu\u00eda del transporte p\u00fablico de Reus"},"content":{"rendered":"<p style=\"text-align: justify;\">\n<p style=\"text-align: justify;\">Proyecto que incluye el desarrollo de los esquemas de l\u00ednea, la informaci\u00f3n horaria y el plano urbano de l\u00edneas y paradas.<\/p>\n<p style=\"text-align: justify;\"><a title=\"Reustransport\" href=\"https:\/\/evolutt.com\/evolutt\/reus-transport-web\/\">Clic aqu\u00ed<\/a>\u00a0para ver el trabajo paralelo que se desarrolla en Web, blog y redes sociales.\u00a0<a href=\"https:\/\/evolutt.com\/evolutt\/el-bus-en-temps-real\/\">Clic aqu\u00ed\u00a0<\/a>para ver la implantaci\u00f3n de la gu\u00eda en la aplicaci\u00f3n m\u00f3vil.<\/p>\n<p style=\"text-align: justify;\"><a href=\"https:\/\/evolutt.com\/evolutt\/wp-content\/uploads\/2012\/01\/reustransport1.jpg\"><img loading=\"lazy\" decoding=\"async\" class=\"alignnone size-full wp-image-143\" title=\"Creado por Kico F. Uribe de Evolutt Studio para Reus Transport\" src=\"https:\/\/evolutt.com\/evolutt\/wp-content\/uploads\/2012\/01\/reustransport1.jpg\" alt=\"Creado por Kico F. Uribe de Evolutt Studio para Reus Transport\" width=\"800\" height=\"1127\" srcset=\"https:\/\/evolutt.com\/evolutt\/wp-content\/uploads\/2012\/01\/reustransport1.jpg 800w, https:\/\/evolutt.com\/evolutt\/wp-content\/uploads\/2012\/01\/reustransport1-212x300.jpg 212w, https:\/\/evolutt.com\/evolutt\/wp-content\/uploads\/2012\/01\/reustransport1-726x1024.jpg 726w\" sizes=\"auto, (max-width: 800px) 100vw, 800px\" \/><\/a><\/p>\n","protected":false},"excerpt":{"rendered":"<p>Proyecto que incluye el desarrollo de los esquemas de l\u00ednea, la informaci\u00f3n horaria y el plano urbano de l\u00edneas y paradas. Clic aqu\u00ed\u00a0para ver el trabajo paralelo que se desarrolla en Web, blog y redes sociales.\u00a0Clic aqu\u00ed\u00a0para ver la implantaci\u00f3n de la gu\u00eda en la aplicaci\u00f3n m\u00f3vil.<\/p>\n","protected":false},"author":2,"featured_media":138,"comment_status":"open","ping_status":"open","sticky":false,"template":"","format":"standard","meta":{"_et_pb_use_builder":"","_et_pb_old_content":"","_et_gb_content_width":"","footnotes":""},"categories":[15,14],"tags":[],"class_list":["post-147","post","type-post","status-publish","format-standard","has-post-thumbnail","hentry","category-diseno-grafico-publicidad-ilustracion","category-institucional"],"_links":{"self":[{"href":"https:\/\/evolutt.com\/evolutt\/wp-json\/wp\/v2\/posts\/147","targetHints":{"allow":["GET"]}}],"collection":[{"href":"https:\/\/evolutt.com\/evolutt\/wp-json\/wp\/v2\/posts"}],"about":[{"href":"https:\/\/evolutt.com\/evolutt\/wp-json\/wp\/v2\/types\/post"}],"author":[{"embeddable":true,"href":"https:\/\/evolutt.com\/evolutt\/wp-json\/wp\/v2\/users\/2"}],"replies":[{"embeddable":true,"href":"https:\/\/evolutt.com\/evolutt\/wp-json\/wp\/v2\/comments?post=147"}],"version-history":[{"count":14,"href":"https:\/\/evolutt.com\/evolutt\/wp-json\/wp\/v2\/posts\/147\/revisions"}],"predecessor-version":[{"id":894,"href":"https:\/\/evolutt.com\/evolutt\/wp-json\/wp\/v2\/posts\/147\/revisions\/894"}],"wp:featuredmedia":[{"embeddable":true,"href":"https:\/\/evolutt.com\/evolutt\/wp-json\/wp\/v2\/media\/138"}],"wp:attachment":[{"href":"https:\/\/evolutt.com\/evolutt\/wp-json\/wp\/v2\/media?parent=147"}],"wp:term":[{"taxonomy":"category","embeddable":true,"href":"https:\/\/evolutt.com\/evolutt\/wp-json\/wp\/v2\/categories?post=147"},{"taxonomy":"post_tag","embeddable":true,"href":"https:\/\/evolutt.com\/evolutt\/wp-json\/wp\/v2\/tags?post=147"}],"curies":[{"name":"wp","href":"https:\/\/api.w.org\/{rel}","templated":true}]}}